{"id":3462,"date":"2025-05-13T17:32:01","date_gmt":"2025-05-13T15:32:01","guid":{"rendered":"https:\/\/ff-gottsdorf.at\/?p=3462"},"modified":"2025-05-13T17:32:01","modified_gmt":"2025-05-13T15:32:01","slug":"neuwahlen-in-der-freiwilligen-feuerwehr-gottsdorf","status":"publish","type":"post","link":"https:\/\/ff-gottsdorf.at\/?p=3462","title":{"rendered":"Neuwahlen in der Freiwilligen Feuerwehr Gottsdorf"},"content":{"rendered":"\n<p>Heute fanden im Beisein von B\u00fcrgermeister Gerhard Leeb die Neuwahlen des Kommandos der FF Gottsdorf statt.<\/p>\n\n\n\n<p>Nachdem Lukas Sch\u00f6ller seine Funktion als Kommandant zur\u00fcckgelegt hat, wurde Markus Elser zum neuen Kommandanten gew\u00e4hlt. Wir gratulieren ihm herzlich zur Wahl und w\u00fcnschen ihm f\u00fcr seine neue Aufgabe viel Erfolg und alles Gute!<\/p>\n\n\n\n<p>Ein Dank gilt auch Lukas Sch\u00f6ller f\u00fcr seine sieben Jahre in der Funktion als Kommandant.<\/p>\n\n\n\n<p>\u201eDanke f\u00fcr das Vertrauen und den starken Zusammenhalt innerhalb unserer Feuerwehr! Ich freue mich auf die bevorstehenden Aufgaben \u2013 und wir laden alle herzlich ein, unser FF-Fest von 16. bis 18. Mai zu besuchen!\u201c betont Markus Elser<\/p>\n\n\n\n<figure class=\"wp-container-2 wp-block-gallery-1 wp-block-gallery has-nested-images columns-default is-cropped\">\n<figure class=\"wp-block-image size-large\"><img data-id=\"3463\"  src=\"https:\/\/ff-gottsdorf.at\/wp-content\/uploads\/2025\/05\/Wahl-768x1024.jpg\" alt=\"\" class=\"wp-image-3463\"\/><\/figure>\n\n\n\n<figure class=\"wp-block-image size-large\"><img fetchpriority=\"high\" width=\"768\" height=\"1024\" data-id=\"3467\"  src=\"https:\/\/ff-gottsdorf.at\/wp-content\/uploads\/2025\/05\/wahl1-768x1024.jpg\" alt=\"\" class=\"wp-image-3467\" srcset=\"https:\/\/ff-gottsdorf.at\/wp-content\/uploads\/2025\/05\/wahl1-768x1024.jpg 768w, https:\/\/ff-gottsdorf.at\/wp-content\/uploads\/2025\/05\/wahl1-225x300.jpg 225w, https:\/\/ff-gottsdorf.at\/wp-content\/uploads\/2025\/05\/wahl1-1152x1536.jpg 1152w, https:\/\/ff-gottsdorf.at\/wp-content\/uploads\/2025\/05\/wahl1.jpg 1536w\" sizes=\"(max-width: 768px) 100vw, 768px\" \/><\/figure>\n\n\n\n<figure class=\"wp-block-image size-large\"><img width=\"768\" height=\"1024\" data-id=\"3465\"  src=\"https:\/\/ff-gottsdorf.at\/wp-content\/uploads\/2025\/05\/Wahl2-768x1024.jpg\" alt=\"\" class=\"wp-image-3465\" srcset=\"https:\/\/ff-gottsdorf.at\/wp-content\/uploads\/2025\/05\/Wahl2-768x1024.jpg 768w, https:\/\/ff-gottsdorf.at\/wp-content\/uploads\/2025\/05\/Wahl2-225x300.jpg 225w, https:\/\/ff-gottsdorf.at\/wp-content\/uploads\/2025\/05\/Wahl2-1152x1536.jpg 1152w, https:\/\/ff-gottsdorf.at\/wp-content\/uploads\/2025\/05\/Wahl2.jpg 1536w\" sizes=\"(max-width: 768px) 100vw, 768px\" \/><\/figure>\n\n\n\n<figure class=\"wp-block-image size-large\"><img width=\"768\" height=\"1024\" data-id=\"3464\"  src=\"https:\/\/ff-gottsdorf.at\/wp-content\/uploads\/2025\/05\/Wahl3-768x1024.jpg\" alt=\"\" class=\"wp-image-3464\" srcset=\"https:\/\/ff-gottsdorf.at\/wp-content\/uploads\/2025\/05\/Wahl3-768x1024.jpg 768w, https:\/\/ff-gottsdorf.at\/wp-content\/uploads\/2025\/05\/Wahl3-225x300.jpg 225w, https:\/\/ff-gottsdorf.at\/wp-content\/uploads\/2025\/05\/Wahl3-1152x1536.jpg 1152w, https:\/\/ff-gottsdorf.at\/wp-content\/uploads\/2025\/05\/Wahl3.jpg 1536w\" sizes=\"(max-width: 768px) 100vw, 768px\" \/><\/figure>\n\n\n\n<figure class=\"wp-block-image size-large\"><img loading=\"lazy\" width=\"768\" height=\"1024\" data-id=\"3466\"  src=\"https:\/\/ff-gottsdorf.at\/wp-content\/uploads\/2025\/05\/Wahl4-768x1024.jpg\" alt=\"\" class=\"wp-image-3466\" srcset=\"https:\/\/ff-gottsdorf.at\/wp-content\/uploads\/2025\/05\/Wahl4-768x1024.jpg 768w, https:\/\/ff-gottsdorf.at\/wp-content\/uploads\/2025\/05\/Wahl4-225x300.jpg 225w, https:\/\/ff-gottsdorf.at\/wp-content\/uploads\/2025\/05\/Wahl4-1152x1536.jpg 1152w, https:\/\/ff-gottsdorf.at\/wp-content\/uploads\/2025\/05\/Wahl4.jpg 1536w\" sizes=\"(max-width: 768px) 100vw, 768px\" \/><\/figure>\n\n\n\n<figure class=\"wp-block-image size-large\"><img loading=\"lazy\" width=\"768\" height=\"1024\" data-id=\"3469\"  src=\"https:\/\/ff-gottsdorf.at\/wp-content\/uploads\/2025\/05\/Wahl5-768x1024.jpg\" alt=\"\" class=\"wp-image-3469\" srcset=\"https:\/\/ff-gottsdorf.at\/wp-content\/uploads\/2025\/05\/Wahl5-768x1024.jpg 768w, https:\/\/ff-gottsdorf.at\/wp-content\/uploads\/2025\/05\/Wahl5-225x300.jpg 225w, https:\/\/ff-gottsdorf.at\/wp-content\/uploads\/2025\/05\/Wahl5-1152x1536.jpg 1152w, https:\/\/ff-gottsdorf.at\/wp-content\/uploads\/2025\/05\/Wahl5.jpg 1536w\" sizes=\"(max-width: 768px) 100vw, 768px\" \/><\/figure>\n\n\n\n<figure class=\"wp-block-image size-large\"><img loading=\"lazy\" width=\"768\" height=\"1024\" data-id=\"3468\"  src=\"https:\/\/ff-gottsdorf.at\/wp-content\/uploads\/2025\/05\/Wahl6-768x1024.jpg\" alt=\"\" class=\"wp-image-3468\" srcset=\"https:\/\/ff-gottsdorf.at\/wp-content\/uploads\/2025\/05\/Wahl6-768x1024.jpg 768w, https:\/\/ff-gottsdorf.at\/wp-content\/uploads\/2025\/05\/Wahl6-225x300.jpg 225w, https:\/\/ff-gottsdorf.at\/wp-content\/uploads\/2025\/05\/Wahl6-1152x1536.jpg 1152w, https:\/\/ff-gottsdorf.at\/wp-content\/uploads\/2025\/05\/Wahl6.jpg 1536w\" sizes=\"(max-width: 768px) 100vw, 768px\" \/><\/figure>\n\n\n\n<figure class=\"wp-block-image size-large\"><img loading=\"lazy\" width=\"768\" height=\"1024\" data-id=\"3470\"  src=\"https:\/\/ff-gottsdorf.at\/wp-content\/uploads\/2025\/05\/Wahl7-768x1024.jpg\" alt=\"\" class=\"wp-image-3470\" srcset=\"https:\/\/ff-gottsdorf.at\/wp-content\/uploads\/2025\/05\/Wahl7-768x1024.jpg 768w, https:\/\/ff-gottsdorf.at\/wp-content\/uploads\/2025\/05\/Wahl7-225x300.jpg 225w, https:\/\/ff-gottsdorf.at\/wp-content\/uploads\/2025\/05\/Wahl7-1152x1536.jpg 1152w, https:\/\/ff-gottsdorf.at\/wp-content\/uploads\/2025\/05\/Wahl7.jpg 1536w\" sizes=\"(max-width: 768px) 100vw, 768px\" \/><\/figure>\n<\/figure>\n","protected":false},"excerpt":{"rendered":"<p>Heute fanden im Beisein von B\u00fcrgermeister Gerhard Leeb die Neuwahlen des Kommandos der FF Gottsdorf statt. Nachdem Lukas Sch\u00f6ller seine Funktion als Kommandant zur\u00fcckgelegt hat, wurde Markus Elser zum neuen Kommandanten gew\u00e4hlt. Wir gratulieren ihm herzlich zur Wahl und w\u00fcnschen ihm f\u00fcr seine neue Aufgabe viel Erfolg und alles Gute! Ein Dank gilt auch Lukas [&hellip;]<\/p>\n","protected":false},"author":1,"featured_media":3463,"comment_status":"closed","ping_status":"open","sticky":false,"template":"","format":"standard","meta":{"ocean_post_layout":"","ocean_both_sidebars_style":"","ocean_both_sidebars_content_width":0,"ocean_both_sidebars_sidebars_width":0,"ocean_sidebar":"","ocean_second_sidebar":"","ocean_disable_margins":"enable","ocean_add_body_class":"","ocean_shortcode_before_top_bar":"","ocean_shortcode_after_top_bar":"","ocean_shortcode_before_header":"","ocean_shortcode_after_header":"","ocean_has_shortcode":"","ocean_shortcode_after_title":"","ocean_shortcode_before_footer_widgets":"","ocean_shortcode_after_footer_widgets":"","ocean_shortcode_before_footer_bottom":"","ocean_shortcode_after_footer_bottom":"","ocean_display_top_bar":"default","ocean_display_header":"default","ocean_header_style":"","ocean_center_header_left_menu":"","ocean_custom_header_template":"","ocean_custom_logo":0,"ocean_custom_retina_logo":0,"ocean_custom_logo_max_width":0,"ocean_custom_logo_tablet_max_width":0,"ocean_custom_logo_mobile_max_width":0,"ocean_custom_logo_max_height":0,"ocean_custom_logo_tablet_max_height":0,"ocean_custom_logo_mobile_max_height":0,"ocean_header_custom_menu":"","ocean_menu_typo_font_family":"","ocean_menu_typo_font_subset":"","ocean_menu_typo_font_size":0,"ocean_menu_typo_font_size_tablet":0,"ocean_menu_typo_font_size_mobile":0,"ocean_menu_typo_font_size_unit":"px","ocean_menu_typo_font_weight":"","ocean_menu_typo_font_weight_tablet":"","ocean_menu_typo_font_weight_mobile":"","ocean_menu_typo_transform":"","ocean_menu_typo_transform_tablet":"","ocean_menu_typo_transform_mobile":"","ocean_menu_typo_line_height":0,"ocean_menu_typo_line_height_tablet":0,"ocean_menu_typo_line_height_mobile":0,"ocean_menu_typo_line_height_unit":"","ocean_menu_typo_spacing":0,"ocean_menu_typo_spacing_tablet":0,"ocean_menu_typo_spacing_mobile":0,"ocean_menu_typo_spacing_unit":"","ocean_menu_link_color":"","ocean_menu_link_color_hover":"","ocean_menu_link_color_active":"","ocean_menu_link_background":"","ocean_menu_link_hover_background":"","ocean_menu_link_active_background":"","ocean_menu_social_links_bg":"","ocean_menu_social_hover_links_bg":"","ocean_menu_social_links_color":"","ocean_menu_social_hover_links_color":"","ocean_disable_title":"default","ocean_disable_heading":"default","ocean_post_title":"","ocean_post_subheading":"","ocean_post_title_style":"","ocean_post_title_background_color":"","ocean_post_title_background":0,"ocean_post_title_bg_image_position":"","ocean_post_title_bg_image_attachment":"","ocean_post_title_bg_image_repeat":"","ocean_post_title_bg_image_size":"","ocean_post_title_height":0,"ocean_post_title_bg_overlay":0.5,"ocean_post_title_bg_overlay_color":"","ocean_disable_breadcrumbs":"default","ocean_breadcrumbs_color":"","ocean_breadcrumbs_separator_color":"","ocean_breadcrumbs_links_color":"","ocean_breadcrumbs_links_hover_color":"","ocean_display_footer_widgets":"default","ocean_display_footer_bottom":"default","ocean_custom_footer_template":"","ocean_post_oembed":"","ocean_post_self_hosted_media":"","ocean_post_video_embed":"","ocean_link_format":"","ocean_link_format_target":"self","ocean_quote_format":"","ocean_quote_format_link":"post","ocean_gallery_link_images":"on","ocean_gallery_id":[]},"categories":[43,17,18,1],"tags":[],"_links":{"self":[{"href":"https:\/\/ff-gottsdorf.at\/index.php?rest_route=\/wp\/v2\/posts\/3462"}],"collection":[{"href":"https:\/\/ff-gottsdorf.at\/index.php?rest_route=\/wp\/v2\/posts"}],"about":[{"href":"https:\/\/ff-gottsdorf.at\/index.php?rest_route=\/wp\/v2\/types\/post"}],"author":[{"embeddable":true,"href":"https:\/\/ff-gottsdorf.at\/index.php?rest_route=\/wp\/v2\/users\/1"}],"replies":[{"embeddable":true,"href":"https:\/\/ff-gottsdorf.at\/index.php?rest_route=%2Fwp%2Fv2%2Fcomments&post=3462"}],"version-history":[{"count":1,"href":"https:\/\/ff-gottsdorf.at\/index.php?rest_route=\/wp\/v2\/posts\/3462\/revisions"}],"predecessor-version":[{"id":3471,"href":"https:\/\/ff-gottsdorf.at\/index.php?rest_route=\/wp\/v2\/posts\/3462\/revisions\/3471"}],"wp:featuredmedia":[{"embeddable":true,"href":"https:\/\/ff-gottsdorf.at\/index.php?rest_route=\/wp\/v2\/media\/3463"}],"wp:attachment":[{"href":"https:\/\/ff-gottsdorf.at\/index.php?rest_route=%2Fwp%2Fv2%2Fmedia&parent=3462"}],"wp:term":[{"taxonomy":"category","embeddable":true,"href":"https:\/\/ff-gottsdorf.at\/index.php?rest_route=%2Fwp%2Fv2%2Fcategories&post=3462"},{"taxonomy":"post_tag","embeddable":true,"href":"https:\/\/ff-gottsdorf.at\/index.php?rest_route=%2Fwp%2Fv2%2Ftags&post=3462"}],"curies":[{"name":"wp","href":"https:\/\/api.w.org\/{rel}","templated":true}]}}